{"provider_url": "https://www.pocosdecaldas.mg.leg.br", "title": "Transmiss\u00e3o ao vivo", "html": "<p><strong>Reuni\u00f5es ordin\u00e1rias:</strong>\u00a0ter\u00e7as-feiras, \u00e0s 15 horas.</p>\r\n<p><strong>Reuni\u00f5es das comiss\u00f5es permanentes:</strong> quintas-feiras, a partir das 13:30 horas.</p>\r\n<p class=\"centralizado\"><strong>Aten\u00e7\u00e3o:</strong><br />A reprodu\u00e7\u00e3o \u00e9 autorizada mediante a cita\u00e7\u00e3o da fonte e est\u00e1 sujeita \u00e0s penalidades\u00a0decorrentes do uso indevido das informa\u00e7\u00f5es e imagens disponibilizadas.<br />Outras informa\u00e7\u00f5es, consulte a <a title=\"\" href=\"https://www.pocosdecaldas.mg.leg.br/institucional/politica-de-privacidade\" class=\"link internal-link\" target=\"_self\">Pol\u00edtica de Privacidade</a>.</p>\r\n<p class=\"centralizado\"><span>Ger\u00eancia de TI</span></p>\r\n<p class=\"centralizado\">(35) 3729-3808 / 3840 / 3870<br /><a class=\"link\" href=\"mailto:ti@pocosdecaldas.mg.leg.br\">ti@pocosdecaldas.mg.leg.br</a></p>\r\n<p class=\"centralizado\">\u00a0<iframe src=\"https://api.pocosdecaldas.mg.leg.br/youtube/aovivo_bd_lateral.php\" width=\"800\" height=\"450\" allowfullscreen=\"\" frameborder=\"0\"></iframe></p>", "author_name": "", "version": "1.0", "author_url": "https://www.pocosdecaldas.mg.leg.br/author/adm", "provider_name": "C\u00e2mara Municipal", "type": "rich"}