{"provider_url": "https://www.pocosdecaldas.mg.leg.br", "title": "Perguntas Frequentes", "html": "<p>\u00a0</p>\r\n<h2 data-path-to-node=\"3\">1. C\u00c2MARA MUNICIPAL DE PO\u00c7OS DE CALDAS</h2>\r\n<p>\u00a0</p>\r\n<h3 align=\"justify\" class=\"western\"><span><span><span><strong>O QUE \u00c9 O PODER LEGISLATIVO MUNICIPAL?</strong></span></span></span></h3>\r\n<p align=\"justify\"><span><span><span> \u00c9 o Poder respons\u00e1vel por produzir as leis que v\u00e3o orientar nossa sociedade (em \u00e2mbito municipal, legislando sobre assuntos de interesse local), com o objetivo de regular a vida em comum. Al\u00e9m disso, cabe ao Poder Legislativo fiscalizar e controlar os atos do Poder Executivo, especialmente a gest\u00e3o do dinheiro p\u00fablico, a qualidade dos servi\u00e7os ofertados \u00e0 popula\u00e7\u00e3o e o julgamento das contas apresentadas pelo Prefeito.</span></span></span></p>\r\n<p align=\"justify\"><span><span><span> Portanto, o Poder Legislativo tem um importante papel para a sociedade, pois \u00e9 essencial para o funcionamento do regime democr\u00e1tico, sendo respons\u00e1vel por estabelecer o elo entre o povo e seus representantes eleitos.</span></span></span></p>\r\n<p align=\"justify\">\u00a0</p>\r\n<h3 align=\"justify\" class=\"western\"><span><span><span><strong>COMO POSSO FALAR COM A C\u00c2MARA?</strong></span></span></span></h3>\r\n<p align=\"justify\"><span><span><span><span><span><span><span> Os canais de comunica\u00e7\u00e3o com a C\u00e2mara s\u00e3o variados. \u00c9 poss\u00edvel entrar em contato com a CM</span></span></span></span></span></span></span><span><span><span><span><span><span><span>PC</span></span></span></span></span></span></span><span><span><span><span><span><span><span> pelos telefones (35) </span></span></span></span></span></span></span><span><span><span><span><span><span><span>3729-3800 </span></span></span></span></span></span></span><span><span><span><span><span><span><span>ou</span></span></span></span></span></span></span><span><span><span><span><span><span><span> pelo e-mail</span></span></span></span></span></span></span><span><span><span><span><span><span><span><span> \u201c</span></span></span></span></span></span></span></span><span><a href=\"mailto:comunicacao@pocosdecaldas.mg.leg.br\" target=\"_self\"><span><span><span><span><span><span><span><span><span><span>comunicacao@pocosdecaldas.mg.leg.br</span></span></span></span></span></span></span></span></span></span></a><span><span><span><span><span><span><span><span><span>\u201d</span></span></span></span></span></span></span></span></span></span><span> </span><span><span><span><span><span><span><span>\u00a0ou pessoalmente, comparecendo \u00e0 </span></span></span></span></span></span></span><span><span><span><span><span><span><span>R. Junqueiras, 454, </span></span></span></span></span></span></span><span><span><span><span><span><span><span>Centro de Po\u00e7os de Caldas-MG. </span></span></span></span></span></span></span><span><span><span><span><span><span><span>O hor\u00e1rio de funcionamento \u00e9 de segunda a </span></span></span></span></span></span></span><span><span><span><span><span><span><span>sexta</span></span></span></span></span></span></span><span><span><span><span><span><span><span>-feira, das </span></span></span></span></span></span></span><span><span><span><span><span><span><span>9</span></span></span></span></span></span></span><span><span><span><span><span><span><span>h \u00e0s 18h</span></span></span></span></span></span></span><span><span><span><span><span><span><span>oras.</span></span></span></span></span></span></span></p>\r\n<p align=\"justify\">\u00a0</p>\r\n<h3 align=\"justify\" class=\"western\"><span><span><span><strong>O QUE FAZ UM VEREADOR?</strong></span></span></span></h3>\r\n<p align=\"justify\"><span><span>As principais atribui\u00e7\u00f5es de um vereador s\u00e3o legislar, sempre com base no interesse p\u00fablico, e fiscalizar as a\u00e7\u00f5es do Poder Executivo. Isso inclui acompanhar a aplica\u00e7\u00e3o dos recursos p\u00fablicos e cobrar a implementa\u00e7\u00e3o de pol\u00edticas p\u00fablicas que assegurem os direitos b\u00e1sicos da popula\u00e7\u00e3o e atendam \u00e0s demandas sociais.</span></span></p>\r\n<p align=\"justify\"><span><span> Nesse contexto, o vereador atua como representante do cidad\u00e3o, fazendo a ponte entre a popula\u00e7\u00e3o e a administra\u00e7\u00e3o municipal. Seu papel tamb\u00e9m envolve promover o debate sobre os problemas da cidade e contribuir para a constru\u00e7\u00e3o de solu\u00e7\u00f5es coletivas. </span></span></p>\r\n<p align=\"justify\">\u00a0</p>\r\n<h3 align=\"justify\" class=\"western\"><span><span><span><strong>QUEM TRABALHA NA CMPC?</strong></span></span></span></h3>\r\n<p align=\"justify\"><span><span><span>\u00a0Al\u00e9m dos 15 vereadores, eleitos para mandatos de quatro anos, a C\u00e2mara de Po\u00e7os de Caldas possui um quadro permanente de servidores efetivos, admitidos por concurso p\u00fablico.</span></span></span></p>\r\n<p align=\"justify\"><span><span><span>\u00a0A Casa tamb\u00e9m possui um quadro de servidores que trabalha diretamente nos gabinetes dos vereadores, que s\u00e3o denominados Assessores Parlamentares (cargos comissionados) e estagi\u00e1rios. Por fim, h\u00e1 tamb\u00e9m agentes p\u00fablicos comissionados que s\u00e3o nomeados para chefiar outros diferentes setores.</span></span></span></p>\r\n<p align=\"justify\">\u00a0</p>\r\n<h3 align=\"justify\" class=\"western\"><span><span><span><strong>QUEM DIRIGE OS TRABALHOS DA CMPC?</strong></span></span></span></h3>\r\n<p align=\"justify\"><span><span><span> A dire\u00e7\u00e3o dos trabalhos legislativos e administrativos da C\u00e2mara de Vereadores de Po\u00e7os de Caldas \u00e9 de responsabilidade da Mesa Diretora, composta pelos cargos de Presidente, Vice-Presidente, 1\u00ba e 2\u00ba Secret\u00e1rios. As atribui\u00e7\u00f5es de cada um deles est\u00e3o elencadas no <span>Regimento Interno </span>da Casa, a partir de seu art. 49.</span></span></span></p>\r\n<p align=\"justify\">\u00a0</p>\r\n<h3 align=\"justify\" class=\"western\"><span><span><span><strong>O QUE S\u00c3O COMISS\u00d5ES PARLAMENTARES?</strong></span></span></span></h3>\r\n<p align=\"justify\"><span><span><span> S\u00e3o \u00f3rg\u00e3os do Poder Legislativo compostos por um grupo de vereadores. Podem ser permanentes \u2013 que s\u00e3o aquelas que subsistem atrav\u00e9s das legislaturas, com o objetivo de analisar toda mat\u00e9ria que tramita pela C\u00e2mara, dentro de suas especificidades tem\u00e1ticas \u2013 ou tempor\u00e1rias, as constitu\u00eddas com finalidades especiais ou de representa\u00e7\u00e3o.</span></span></span></p>\r\n<p align=\"justify\"><span><span><span><strong> As Comiss\u00f5es Permanentes da CMPC est\u00e3o previstas no art. 63 do Regimento Interno</strong><span><strong> da Casa, sendo elas:</strong> </span></span></span></span></p>\r\n<ul>\r\n<li>\r\n<p align=\"justify\"><span><span><span>I \u2013 Comiss\u00e3o de Constitui\u00e7\u00e3o e Justi\u00e7a composta por 5 (cinco) vereadores; </span></span></span></p>\r\n</li>\r\n<li>\r\n<p align=\"justify\"><span><span><span>II \u2013 Comiss\u00e3o de Finan\u00e7as e Or\u00e7amento composta por 5 (cinco) vereadores; </span></span></span></p>\r\n</li>\r\n<li>\r\n<p align=\"justify\"><span><span><span>III \u2013 Comiss\u00e3o de Administra\u00e7\u00e3o P\u00fablica composta por 5 (cinco) vereadores; </span></span></span></p>\r\n</li>\r\n<li>\r\n<p align=\"justify\"><span><span><span>IV \u2013 Comiss\u00e3o de Concess\u00e3o de Homenagens pelo Legislativo composta por 5 (cinco) vereadores; </span></span></span></p>\r\n</li>\r\n<li>\r\n<p align=\"justify\"><span><span><span>V \u2013 Comiss\u00e3o de Direitos e Garantias Fundamentais da Pessoa Humana composta por 5 (cinco) vereadores; </span></span></span></p>\r\n</li>\r\n<li>\r\n<p align=\"justify\"><span><span><span>VI \u2013 Comiss\u00e3o de Meio Ambiente composta por 5 (cinco) vereadores; </span></span></span></p>\r\n</li>\r\n<li>\r\n<p align=\"justify\"><span><span><span>VII \u2013 Comiss\u00e3o de Direitos da Mulher composta por 5 (cinco) vereadores, preferencialmente, por Vereadoras eleitas para a respectiva Legislatura. </span></span></span></p>\r\n</li>\r\n</ul>\r\n<p align=\"justify\"><span><span><span><span><span><span><span><span> </span></span></span></span></span></span></span><span><span><span><span><span><span><span><strong>Por sua vez, as Comiss\u00f5es Tempor\u00e1rias podem ser:</strong> </span></span></span></span></span></span></span></span></p>\r\n<ul>\r\n<li>\r\n<p align=\"justify\"><span><span>Parlamentar de Inqu\u00e9rito; Especial ou Processante, com as atribui\u00e7\u00f5es estabelecidas pelos atos que as constitu\u00edrem; </span></span></p>\r\n</li>\r\n<li>\r\n<p align=\"justify\"><span><span>De</span><span> Representa\u00e7\u00e3o, constitu\u00eddas com o fim espec\u00edfico de representar o Poder Legislativo junto aos demais Poderes ou entidades, tendo suas atribui\u00e7\u00f5es estabelecidas pelos atos que as constitu\u00edrem.</span> </span></p>\r\n</li>\r\n</ul>\r\n<p align=\"justify\">\u00a0</p>\r\n<h3 align=\"justify\" class=\"western\"><span><span><span><strong>ONDE ENCONTRO AS LEIS MUNICIPAIS?</strong></span></span></span></h3>\r\n<p align=\"justify\"><span><span><span><span><span><span><span> As Leis Municipais podem ser facilmente encontradas no site oficial da C\u00e2mara, em </span></span></span></span></span></span><span><span><span><span><span><span><span>\u201c</span></span></span></span></span></span></span><span><span><span><span><span><span><span>Legisla\u00e7\u00e3o\u201d,</span></span></span></span></span></span></span><span><span><span><span><span><span> sendo poss\u00edvel consultar por tipo, n\u00famero, situa\u00e7\u00e3o, classifica\u00e7\u00e3o, iniciativa, ementa ou assunto, precisamente por termos.</span></span></span></span></span></span></span></p>\r\n<p align=\"justify\">\u00a0</p>\r\n<h3 align=\"justify\" class=\"western\"><span><span><span><strong>O QUE \u00c9 O REGIMENTO INTERNO DA CMPC?</strong></span></span></span></h3>\r\n<p align=\"justify\"><span><span><span> \u00c9 a Resolu\u00e7\u00e3o que regulamenta a organiza\u00e7\u00e3o e o funcionamento pol\u00edtico e administrativo da C\u00e2mara. \u00c9 respons\u00e1vel por definir os temas como sess\u00f5es legislativas, posse de vereadores, elei\u00e7\u00e3o da Mesa Diretora, reuni\u00f5es de Plen\u00e1rio, trabalhos das comiss\u00f5es, tramita\u00e7\u00e3o de proposi\u00e7\u00f5es, entre outros.</span></span></span></p>\r\n<p align=\"justify\"><span><span><span>O Regimento Interno da CMPC pode ser acessado por meio do seguinte link: </span><a href=\"https://pocosdecaldas.siscam.com.br/arquivo?Id=289619\"><span>https://pocosdecaldas.siscam.com.br/arquivo?Id=289619</span></a></span></span></p>\r\n<p align=\"justify\">\u00a0</p>\r\n<h3 align=\"justify\" class=\"western\"><span><span><span><strong>O QUE \u00c9 A LEI ORG\u00c2NICA DO MUNIC\u00cdPIO DE PO\u00c7OS DE CALDAS?</strong></span></span></span></h3>\r\n<p align=\"justify\"><span><span><span><span><span><span><span> A </span></span></span></span></span><span><span><span><span><span><span><span><span>Lei Org\u00e2nica </span></span></span></span></span></span></span></span><span><span><span><span><span>do Munic\u00edpio \u00e9 uma lei municipal que regula o funcionamento da administra\u00e7\u00e3o p\u00fablica e dos poderes municipais. \u00c9 a lei mais importante da cidade e tem que estar de acordo com a Constitui\u00e7\u00e3o Federal e a Constitui\u00e7\u00e3o do Estado de Minas Gerais.</span></span></span></span></span></span></span></p>\r\n<p align=\"justify\"><span><span><span> A <span><span><span>Lei Org\u00e2nica </span></span></span>do Munic\u00edpio pode ser acessada por meio do seguinte link: <a href=\"https://www.pocosdecaldas.mg.leg.br/legislacao/lei-organica-municipal\">https://www.pocosdecaldas.mg.leg.br/legislacao/lei-organica-municipal</a></span></span></span></p>\r\n<h3>\u00a0</h3>\r\n<h3><span><span><span><strong>O QUE \u00c9 A LEI DE ACESSO \u00c0 INFORMA\u00c7\u00c3O (LAI)?</strong></span></span></span></h3>\r\n<p align=\"justify\"><span><span><span><span><span><span><span> A lei 12527/2011, a chamada Lei de Acesso \u00e0 Informa\u00e7\u00e3o, obriga \u00f3rg\u00e3os p\u00fablicos federais, estaduais e municipais (minist\u00e9rios, estatais, governos estaduais, prefeituras, C\u00e2maras Municipais, empresas p\u00fablicas, autarquias, etc.) a oferecer informa\u00e7\u00f5es relacionadas \u00e0s suas atividades a qualquer pessoa que solicitar.</span></span></span></span> <strong> </strong></span></span></span></p>\r\n<p align=\"justify\">\u00a0</p>\r\n<h3><span><span><span><strong>QUAL A IMPORT\u00c2NCIA DA LEI DE ACESSO \u00c0 INFORMA\u00c7\u00c3O? </strong></span></span></span></h3>\r\n<p align=\"justify\"><span><span><span><span><span><span><span> O objetivo da lei \u00e9 a mudan\u00e7a da cultura do sigilo. A </span></span></span></span><span><span><span><span>Lei de Acesso \u00e0 Informa\u00e7\u00e3o</span></span></span></span><span><span><span><span> pode ser compreendida como um ato de amadurecimento da democracia brasileira. A informa\u00e7\u00e3o sob a guarda do Estado </span></span></span></span><span><span><span><span>deve ser, como regra, </span></span></span></span><span><span><span><span>sempre p\u00fablica, devendo o acesso a ela ser restringido apenas em casos espec\u00edficos. Isto significa que a informa\u00e7\u00e3o produzida, organizada e gerenciada pelo Estado em nome da sociedade \u00e9 um bem p\u00fablico. O acesso a estes dados, constitui-se em um dos fundamentos para a consolida\u00e7\u00e3o da democracia, fortalecendo o controle social.</span></span></span></span> </span></span></span></p>", "author_name": "", "version": "1.0", "author_url": "https://www.pocosdecaldas.mg.leg.br/author/matheus", "provider_name": "C\u00e2mara Municipal", "type": "rich"}