{"provider_url": "https://www.pocosdecaldas.mg.leg.br", "title": "Localiza\u00e7\u00e3o", "html": "<p>As Reuni\u00f5es Ordin\u00e1rias ocorrem nas ter\u00e7as-feiras \u00e0s 15h.</p>\r\n<p>Estamos de portas abertas para receb\u00ea-lo!</p>\r\n<table class=\"listing\">\r\n<tbody>\r\n<tr class=\"odd\"><th style=\"text-align: right; \">Expediente:</th>\r\n<td colspan=\"2\"><span>de segunda-feira a sexta-feira das 9h \u00e0s 18h</span><span></span></td>\r\n</tr>\r\n<tr class=\"even\"><th style=\"text-align: right; \">Endere\u00e7o:</th>\r\n<td><span>Pr\u00e9dio Sede:\u00a0R. Junqueiras, 454<br />Pr\u00e9dio Anexo:\u00a0R. Junqueiras, 555</span></td>\r\n<td><span>Centro - Po\u00e7os de Caldas - MG<br />CEP: 37701-033</span></td>\r\n</tr>\r\n<tr class=\"odd\"><th style=\"text-align: right; \"><strong>Telefone:</strong></th>\r\n<td colspan=\"2\">+55 (35) 3729-3800</td>\r\n</tr>\r\n<tr class=\"even\"><th style=\"text-align: right; \">CNPJ:</th>\r\n<td colspan=\"2\">21.401.757/0001-67</td>\r\n</tr>\r\n<tr class=\"odd\"><th style=\"text-align: right; \">E-mails:</th>\r\n<td colspan=\"2\"><a class=\"email-link\" href=\"mailto:comunicacao@pocosdecaldas.mg.leg.br\" target=\"_self\" title=\"\">comunicacao@pocosdecaldas.mg.leg.br</a><br /><a class=\"email-link\" href=\"mailto:imprensa@pocosdecaldas.mg.leg.br\" target=\"_self\" title=\"\">imprensa@pocosdecaldas.mg.leg.br</a></td>\r\n</tr>\r\n<tr class=\"even\"><th style=\"text-align: right; \">Ouvidoria do Povo:</th>\r\n<td colspan=\"2\">Gab. Ver. Kleber (Ouvidor-Geral)<br /><a class=\"email-link\" href=\"mailto:ouvidoriadopovo@pocosdecaldas.mg.leg.br\" target=\"_self\" title=\"\">ouvidoriadopovo@pocosdecaldas.mg.leg.br<br /></a><br />+55 (35) 3729-3839 e 3729-3827</td>\r\n</tr>\r\n<tr class=\"odd\"><th style=\"text-align: right; \">Ouvidoria Legislativa:</th>\r\n<td colspan=\"2\">Ouvidor Legislativo<br /><a class=\"email-link\" href=\"mailto:ouvidoria@pocosdecaldas.mg.leg.br\" target=\"_self\" title=\"\">ouvidoria@pocosdecaldas.mg.leg.br<br /></a><br />+55 (35) 3729-3819</td>\r\n</tr>\r\n<tr class=\"even\"><th style=\"text-align: right; \">Outros canais:</th>\r\n<td colspan=\"2\"><a class=\"external-link\" href=\"https://pocosdecaldas.siscam.com.br/vereadores\" target=\"_self\" title=\"\">Parlamentares</a> | <a title=\"\" href=\"https://www.pocosdecaldas.mg.leg.br/institucional/contato\" class=\"internal-link\" target=\"_self\">Contato</a> | <a href=\"https://www.pocosdecaldas.mg.leg.br/institucional/localizacao/contact-info\">Administra\u00e7\u00e3o do site</a></td>\r\n</tr>\r\n</tbody>\r\n</table>\r\n<p>\u00a0</p>\r\n<p style=\"text-align: center; \"><img src=\"https://www.pocosdecaldas.mg.leg.br/imagens/fachadacamara.png\" alt=\"\" class=\"image-inline\" title=\"\" /></p>\r\n<p style=\"text-align: center; \"><iframe src=\"https://www.google.com/maps/embed?pb=!1m18!1m12!1m3!1d3704.783711307967!2d-46.570385849035816!3d-21.78863040433498!2m3!1f0!2f0!3f0!3m2!1i1024!2i768!4f13.1!3m3!1m2!1s0x94c9dce94c7ff7ed%3A0xcc51900a4b37bbab!2sC%C3%A2mara+Municipal+de+Po%C3%A7os+de+Caldas!5e0!3m2!1spt-BR!2sbr!4v1536758719911\" width=\"600\" height=\"450\" allowfullscreen=\"\" frameborder=\"0\"></iframe></p>", "author_name": "", "version": "1.0", "author_url": "https://www.pocosdecaldas.mg.leg.br/author/admin", "provider_name": "C\u00e2mara Municipal", "type": "rich"}