{"provider_url": "https://www.pocosdecaldas.mg.leg.br", "title": "Estrutura", "html": "<h2 align=\"justify\" style=\"text-align: center; \">\u00d3RG\u00c3OS DE DIRE\u00c7\u00c3O</h2>\r\n<p align=\"justify\">\u00a0</p>\r\n<h3><b>1) MESA DIRETORA</b></h3>\r\n<h3><b>2) PRESID\u00caNCIA</b></h3>\r\n<p><b><br /></b></p>\r\n<h2 align=\"justify\" style=\"text-align: center; \">\u00d3RG\u00c3OS POL\u00cdTICOS</h2>\r\n<p align=\"justify\">\u00a0</p>\r\n<h3><b>1) BANCADA PARLAMENTAR</b></h3>\r\n<h3><b>2) BLOCO PARLAMENTAR (GABINETES PARLAMENTARES)</b></h3>\r\n<h3><b>3) LIDERAN\u00c7A</b></h3>\r\n<h3><b>4) MESA DIRETORA</b></h3>\r\n<h3><b>5) PRESID\u00caNCIA</b></h3>\r\n<h3><b>6) CORREGEDORIA E COMISS\u00c3O DE \u00c9TICA E DECORO PARLAMENTAR</b></h3>\r\n<h3><b>7) PROCURADORIA DA MULHER</b></h3>\r\n<p><b><br /></b></p>\r\n<h2 align=\"justify\" style=\"text-align: center; \">ASSESSORIA DA DIRE\u00c7\u00c3O</h2>\r\n<p align=\"justify\">\u00a0</p>\r\n<h3><b>1) GABINETE DA PRESID\u00caNCIA</b></h3>\r\n<p>O Gabinete da Presid\u00eancia \u00e9 o conjunto de auxiliares ou colaboradores imediatos do Presidente da C\u00e2mara Municipal e tamb\u00e9m o espa\u00e7o f\u00edsico onde ele exerce suas fun\u00e7\u00f5es.</p>\r\n<h3><b>2) CONTROLADORIA LEGISLATIVA</b></h3>\r\n<p>A Controladoria Legislativa \u00e9 respons\u00e1vel por a\u00e7\u00f5es de controle postas em pr\u00e1tica para avaliar, direcionar e monitorar a gest\u00e3o or\u00e7ament\u00e1ria, financeira e patrimonial.</p>\r\n<h3><b>3) OUVIDORIA LEGISLATIVA</b></h3>\r\n<p>A Ouvidoria Legislativa \u00e9 o \u00f3rg\u00e3o interlocutor entre a C\u00e2mara Municipal e a sociedade<span>.</span></p>\r\n<h3><b>4) OUVIDORIA DO POVO</b></h3>\r\n<p style=\"text-align: justify; \"><span>A Ouvidoria do Povo, cr</span>iada pela Lei Complementar n. 213, de 22 de junho de 2020, \u00e9\u00a0<span>\u00f3rg\u00e3o auxiliar do Poder Legislativo na fiscaliza\u00e7\u00e3o da execu\u00e7\u00e3o dos servi\u00e7os p\u00fablicos municipais</span><span>.</span></p>\r\n<p style=\"text-align: justify; \"><span><br /></span></p>\r\n<h2 align=\"justify\" style=\"text-align: center; \">\u00d3RG\u00c3OS T\u00c9CNICOS</h2>\r\n<p align=\"justify\">\u00a0</p>\r\n<h3><b>1) DIRETORIA-GERAL</b></h3>\r\n<p class=\" \">A Diretoria-geral \u00e9 o \u00f3rg\u00e3o administrativo m\u00e1ximo da C\u00e2mara e tem como compet\u00eancia planejar, coordenar, orientar, dirigir e controlar todas as atividades administrativas da C\u00e2mara Municipal.</p>\r\n<p align=\"justify\">\u00a0</p>\r\n<h3 style=\"padding-left: 30px; \"><b>1.1) Procuradoria </b></h3>\r\n<p align=\"justify\" style=\"padding-left: 30px; \">A Procuradoria tem por compet\u00eancia prestar suporte e assessoria jur\u00eddica e legal nos assuntos jur\u00eddicos da C\u00e2mara Municipal.</p>\r\n<p align=\"justify\" style=\"padding-left: 30px; \">\u00a0</p>\r\n<h3 style=\"padding-left: 30px; \"><b>1.2) Ger\u00eancia de Comunica\u00e7\u00e3o</b></h3>\r\n<p class=\" \" style=\"padding-left: 30px; \"><span>A Ger\u00eancia de Comunica\u00e7\u00e3o tem como compet\u00eancia as atividades de comunica\u00e7\u00e3o, cerimonial e publicidade institucional da C\u00e2mara Municipal.</span></p>\r\n<p class=\" \" style=\"padding-left: 60px; \"><b>1.2.1) Coordenadoria da TV</b></p>\r\n<p class=\" \" style=\"padding-left: 60px; \"><span>A Coordenadoria da TV C\u00e2mara tem como compet\u00eancia as atividades de registrar, viabilizar a transmiss\u00e3o e divulgar as atividades legislativas e institucionais da C\u00e2mara Municipal, promovendo a transpar\u00eancia, a educa\u00e7\u00e3o c\u00edvica e o acesso \u00e0 informa\u00e7\u00e3o para os cidad\u00e3os do Munic\u00edpio.</span></p>\r\n<p align=\"justify\" style=\"padding-left: 60px; \"><span>\u00a0</span></p>\r\n<h3 style=\"padding-left: 30px; \"><b>1.3) Ger\u00eancia de Tecnologia da Informa\u00e7\u00e3o</b></h3>\r\n<p class=\" \" style=\"padding-left: 30px; \"><span>A Ger\u00eancia de Tecnologia da Informa\u00e7\u00e3o tem como compet\u00eancia a gest\u00e3o da infraestrutura, suporte, desenvolvimento e manuten\u00e7\u00e3o de sistemas, assim como a coordena\u00e7\u00e3o dos servi\u00e7os terceirizados da natureza destas atividades.</span></p>\r\n<p align=\"justify\" class=\" \" style=\"padding-left: 60px; \">\u00a0</p>\r\n<h3 style=\"padding-left: 30px; \"><b>1.4) Ger\u00eancia de Gest\u00e3o e Finan\u00e7as</b></h3>\r\n<p class=\" \" style=\"padding-left: 30px; \"><b></b><span>A Ger\u00eancia de Gest\u00e3o e Finan\u00e7as tem como compet\u00eancia coordenar as unidades administrativas de or\u00e7amento e finan\u00e7as e de gest\u00e3o de pessoas e administra\u00e7\u00e3o, licita\u00e7\u00e3o e contratos.</span></p>\r\n<p align=\"justify\" class=\" \" style=\"padding-left: 60px; \">\u00a0<b>1.4.1) Coordenadoria do Or\u00e7amento e Finan\u00e7as</b></p>\r\n<p align=\"justify\" style=\"padding-left: 60px; \"><span>A Coordenadoria do Or\u00e7amento e Finan\u00e7as tem como compet\u00eancia as atividades de natureza or\u00e7ament\u00e1ria, financeira e cont\u00e1bil, bem como das atividades de tesouraria.</span></p>\r\n<p align=\"justify\" style=\"padding-left: 60px; \">\u00a0<b>1.4.2) Coordenadoria de Gest\u00e3o de Pessoas</b></p>\r\n<p class=\" \" style=\"padding-left: 60px; \"><span>A Coordenadoria de Gest\u00e3o de Pessoas tem como compet\u00eancias gerenciar a vida funcional de servidores e vereadores e gerir as atividades de pessoal.</span></p>\r\n<p align=\"justify\" class=\" \" style=\"padding-left: 90px; \">\u00a0</p>\r\n<h3 style=\"padding-left: 30px; \"><b>1.5) Ger\u00eancia de Administra\u00e7\u00e3o</b></h3>\r\n<p align=\"justify\" style=\"padding-left: 30px; \">A Ger\u00eancia de Administra\u00e7\u00e3o tem como compet\u00eancia coordenar as unidades administrativas de administra\u00e7\u00e3o, licita\u00e7\u00e3o e contratos e de suprimentos e patrim\u00f4nio.</p>\r\n<p align=\"justify\" style=\"padding-left: 60px; \">\u00a0<b>1.5.1) Coordenadoria de Administra\u00e7\u00e3o, Licita\u00e7\u00e3o e Contratos</b></p>\r\n<p align=\"justify\" style=\"padding-left: 60px; \">A Coordenadoria de Administra\u00e7\u00e3o, Licita\u00e7\u00e3o e Contratos tem por compet\u00eancia realizar contrata\u00e7\u00f5es, pre\u00e7os de refer\u00eancia, pesquisa de pre\u00e7o de mercado, levantamento de or\u00e7amentos, gest\u00e3o de contratos e outros servi\u00e7os administrativos.</p>\r\n<p align=\"justify\" style=\"padding-left: 60px; \">\u00a0<b>1.5.2) </b><b>Coordenadoria de Suprimentos e Patrim\u00f4nio</b></p>\r\n<p class=\" \" style=\"padding-left: 60px; \"><span>A Coordena\u00e7\u00e3o de Suprimentos e Patrim\u00f4nio tem por compet\u00eancia gest\u00e3o de materiais permanentes e de consumo, limpeza e conserva\u00e7\u00e3o, manuten\u00e7\u00e3o, protocolo e gest\u00e3o documental.</span></p>\r\n<p align=\"justify\" class=\" \" style=\"padding-left: 120px; \">\u00a0</p>\r\n<h3 style=\"padding-left: 30px; \"><b>1.6) Ger\u00eancia de Atividades Legislativas</b></h3>\r\n<p class=\" \" style=\"padding-left: 30px; \"><span>A Ger\u00eancia de Atividades Legislativas tem por compet\u00eancia coordenar os servi\u00e7os de apoio ao processo legislativo, aos Vereadores, \u00e0s Comiss\u00f5es da C\u00e2mara Municipal e aos setores administrativos na elabora\u00e7\u00e3o de documentos visando \u00e0 instru\u00e7\u00e3o de seus atos oficiais, normativos e no funcionamento do processo legislativo da C\u00e2mara Municipal, al\u00e9m dos servi\u00e7os de pesquisa e compila\u00e7\u00e3o da Legisla\u00e7\u00e3o.</span></p>\r\n<p align=\"justify\" style=\"padding-left: 60px; \">\u00a0<b>1.6.1) Coordenadoria de Processo Legislativo</b></p>\r\n<p class=\" \" style=\"padding-left: 60px; \"><span>A Coordenadoria de Processo Legislativo tem por compet\u00eancia os servi\u00e7os de apoio ao processo legislativo, aos Vereadores, \u00e0s Comiss\u00f5es da C\u00e2mara Municipal, aos setores administrativos e \u00e0 popula\u00e7\u00e3o, visando \u00e0 instru\u00e7\u00e3o de seus atos oficiais, normativos e no funcionamento do processo legislativo da C\u00e2mara Municipal.</span></p>\r\n<p class=\" \" style=\"padding-left: 60px; \"><span></span><b>1.6.2) Coordenadoria de Pesquisa e Compila\u00e7\u00e3o Legislativa</b></p>\r\n<p align=\"justify\" style=\"padding-left: 60px; \">A Coordenadoria de Pesquisa e Compila\u00e7\u00e3o Legislativa tem por compet\u00eancia os servi\u00e7os de pesquisa e compila\u00e7\u00e3o da Legisla\u00e7\u00e3o, guarda, consulta, arquivamento e mem\u00f3ria da legisla\u00e7\u00e3o.</p>\r\n<p align=\"justify\" style=\"padding-left: 30px; \">\u00a0</p>\r\n<h3 style=\"padding-left: 30px; \">\u00a0<b>1.7) Escola do Legislativo</b></h3>\r\n<p class=\" \" style=\"padding-left: 30px; \"><span>A Escola do Legislativo tem por compet\u00eancia oferecer capacita\u00e7\u00e3o permanente aos Vereadores e servidores do Poder Legislativo e, eventualmente, aos demais servidores do Munic\u00edpio, bem como de outras C\u00e2maras Municipais, garantindo o desenvolvimento de a\u00e7\u00f5es de educa\u00e7\u00e3o para a cidadania e de forma\u00e7\u00e3o pol\u00edtica para a sociedade, visando a melhor compreens\u00e3o da organiza\u00e7\u00e3o do Estado e dos seus poderes e contribuindo para a capacita\u00e7\u00e3o dos cidad\u00e3os, organiza\u00e7\u00f5es da sociedade civil e outras entidades, resguardado o interesse p\u00fablico.</span></p>\r\n<p class=\" \" style=\"padding-left: 60px; \"><b>1.7.1) Coordena\u00e7\u00e3o de Biblioteca</b></p>\r\n<p class=\" \" style=\"padding-left: 60px; \">A Coordena\u00e7\u00e3o de Biblioteca tem por compet\u00eancia fornecer o suporte informacional aos trabalhos desenvolvidos no \u00e2mbito da C\u00e2mara Municipal.</p>\r\n<p class=\" \" style=\"padding-left: 60px; \"><b>1.7.2) Memorial Legislativo</b></p>\r\n<p class=\" \" style=\"padding-left: 60px; \"><span>O Memorial Legislativo tem por compet\u00eancia preservar, valorizar e divulgar a Hist\u00f3ria do Poder Legislativo de Po\u00e7os de Caldas, a partir de uma perspectiva inclusiva.</span></p>\r\n<p align=\"justify\" class=\" \" style=\"padding-left: 30px; \">\u00a0</p>\r\n<h3 style=\"padding-left: 30px; \"><b>1.8) Centro de Atendimento ao Cidad\u00e3o \u2013 CAC</b></h3>\r\n<p class=\" \" style=\"padding-left: 30px; \">O Centro de Atendimento ao Cidad\u00e3o - CAC tem por compet\u00eancia prestar uma s\u00e9rie de servi\u00e7os gratuitos para a popula\u00e7\u00e3o de modo pr\u00e1tico e f\u00e1cil.</p>", "author_name": "", "version": "1.0", "author_url": "https://www.pocosdecaldas.mg.leg.br/author/admin", "provider_name": "C\u00e2mara Municipal", "type": "rich"}