{"provider_url": "https://www.pocosdecaldas.mg.leg.br", "title": "Conhe\u00e7a o PJ", "html": "<h3 class=\"subTitulo\" style=\"text-align: justify; \">O que \u00e9 o Parlamento Jovem de Minas?</h3>\r\n<p style=\"text-align: justify; \">O PJ de Minas \u00e9 um projeto de forma\u00e7\u00e3o pol\u00edtica e educa\u00e7\u00e3o legislativa destinado aos alunos do Ensino M\u00e9dio. Al\u00e9m de despertar nos jovens o interesse pelo exerc\u00edcio da democracia, o programa possibilita o conhecimento do processo legislativo, bem como a viv\u00eancia em situa\u00e7\u00f5es de debates, exposi\u00e7\u00e3o de opini\u00f5es e escolhas.</p>\r\n<h3 class=\"subTitulo\" style=\"text-align: justify; \">Como ocorre o Parlamento Jovem em Po\u00e7os de Caldas?</h3>\r\n<ul style=\"text-align: justify; \">\r\n<li>Ades\u00e3o da escola interessada;</li>\r\n<li>Inscri\u00e7\u00e3o dos estudantes participantes;</li>\r\n<li>Cerim\u00f4nia Oficial de Lan\u00e7amento;</li>\r\n<li>Oficinas de forma\u00e7\u00e3o pol\u00edtica e tem\u00e1tica na C\u00e2mara Municipal;</li>\r\n<li>Diagn\u00f3stico local: levantamento de demandas nas escolas, sob orienta\u00e7\u00e3o de professores/monitores, para a elabora\u00e7\u00e3o das propostas.</li>\r\n<li>Plen\u00e1ria Final \u2013 vota\u00e7\u00e3o das propostas</li>\r\n</ul>\r\n<h3 class=\"subTitulo\" style=\"text-align: justify; \">Oficinas de Forma\u00e7\u00e3o Pol\u00edtica e Tem\u00e1tica</h3>\r\n<p style=\"text-align: justify; \">A partir do lan\u00e7amento, ocorrem encontros de forma\u00e7\u00e3o pol\u00edtica e estudos sobre a tem\u00e1tica do projeto escolhida para aquele ano. Eles acontecem na C\u00e2mara Municipal, de acordo com o calend\u00e1rio do projeto divulgado no per\u00edodo de inscri\u00e7\u00f5es.</p>\r\n<h3 class=\"subTitulo\" style=\"text-align: justify; \">Diagn\u00f3stico Local</h3>\r\n<p style=\"text-align: justify; \">Cada participante, com o apoio do professor/monitor de sua escola, dever\u00e1 conhecer a realidade de sua comunidade e observar quais as demandas relativas \u00e0 tem\u00e1tica proposta. Com base nestas informa\u00e7\u00f5es, s\u00e3o elaboradas as propostas sobre o tema.</p>\r\n<h3 class=\"subTitulo\" style=\"text-align: justify; \">Plen\u00e1ria Municipal</h3>\r\n<p style=\"text-align: justify; \">O evento, realizado no Plen\u00e1rio da C\u00e2mara Municipal, acontece em duas etapas:</p>\r\n<p style=\"text-align: justify; \"><strong><i>Grupos de Trabalho:</i></strong><span>\u00a0</span>Os jovens parlamentares, divididos em tr\u00eas grupos, discutir\u00e3o as propostas e definir\u00e3o aquelas que ser\u00e3o votadas na plen\u00e1ria.</p>\r\n<p style=\"text-align: justify; \"><strong><i>Plen\u00e1ria:</i></strong><span>\u00a0</span>Vota\u00e7\u00e3o das propostas e elei\u00e7\u00e3o daquelas que ser\u00e3o encaminhadas para a Etapa Regional do projeto.</p>\r\n<p style=\"text-align: justify; \">Ao final do evento, estas propostas s\u00e3o entregues aos Vereadores, a fim de que deem continuidade atrav\u00e9s de a\u00e7\u00f5es do Poder Legislativo.</p>", "author_name": "", "version": "1.0", "author_url": "https://www.pocosdecaldas.mg.leg.br/author/tais", "provider_name": "C\u00e2mara Municipal", "type": "rich"}