{"provider_url": "https://www.pocosdecaldas.mg.leg.br", "title": "Controladoria do Legislativo", "html": "<div class=\"faq-container\">\r\n<div class=\"faq-item\">\r\n<div class=\"faq-question\">O que \u00e9 o controle interno?</div>\r\n<div class=\"faq-answer\">\u00c9 a atividade de autocontrole realizada pela organiza\u00e7\u00e3o, por meio de uma unidade espec\u00edfica, com a atribui\u00e7\u00e3o de vigil\u00e2ncia, orienta\u00e7\u00e3o e corre\u00e7\u00e3o da atua\u00e7\u00e3o das demais unidades administrativas.</div>\r\n</div>\r\n<div class=\"faq-item\">\r\n<div class=\"faq-question\">Para que serve?</div>\r\n<div class=\"faq-answer\"><span><span>O <strong>Sistema de Controle Interno</strong> da C\u00e2mara Municipal de Po\u00e7os de Caldas visa orientar a Administra\u00e7\u00e3o Superior para a correta gest\u00e3o dos recursos p\u00fablicos no \u00e2mbito da entidade, preservando os interesses da Institui\u00e7\u00e3o e prevenindo a ocorr\u00eancia de irregularidades, por interm\u00e9dio do acompanhamento cont\u00e1bil, financeiro, or\u00e7ament\u00e1rio, operacional e patrimonial, consubstanciado na aplica\u00e7\u00e3o das t\u00e9cnicas de trabalho desenvolvidas no \u00e2mbito de cada \u00f3rg\u00e3o.</span></span></div>\r\n</div>\r\n<div class=\"faq-item\">\r\n<div class=\"faq-question\">Como funciona?</div>\r\n<div class=\"faq-answer\">xxx</div>\r\n</div>\r\n<div class=\"faq-item\">\r\n<div class=\"faq-question\">Legisla\u00e7\u00e3o</div>\r\n<div class=\"faq-answer\">\r\n<p><strong><a class=\"external-link\" href=\"https://tclegis.tce.mg.gov.br/Home/Detalhe/1138501\" target=\"_self\" title=\"Decis\u00e3o Normativa 02/2016 - TCE/MG\">Decis\u00e3o Normativa 02/2016 - TCE/MG<br /></a></strong>Aprova as \"Orienta\u00e7\u00f5es sobre Controle Interno\"</p>\r\n<p><strong><a class=\"external-link\" href=\"https://siave.pocosdecaldas.mg.leg.br/arquivo?Id=148295\" target=\"_self\" title=\"Resolu\u00e7\u00e3o 848/2020\">Resolu\u00e7\u00e3o n\u00ba 848, de 20/08/2020<br /></a></strong>Disp\u00f5e sobre a cria\u00e7\u00e3o da \"Controladoria do Poder Legislativo\"</p>\r\n</div>\r\n</div>\r\n<div class=\"faq-item\">\r\n<div class=\"faq-question\">Radar da Transpar\u00eancia P\u00fablica</div>\r\n<div class=\"faq-answer\"><strong><a class=\"external-link\" href=\"https://radardatransparencia.atricon.org.br/\" target=\"_self\" title=\"\">https://radardatransparencia.atricon.org.br/</a></strong></div>\r\n</div>\r\n</div>\r\n<p>\u00a0</p>\r\n<p>\u00a0</p>\r\n<p>\u00a0</p>\r\n<p>\u00a0</p>\r\n<p style=\"text-align: center; \"><em><span class=\"discreet\">\u201cA mais honrosa das ocupa\u00e7\u00f5es \u00e9 servir o p\u00fablico e ser \u00fatil ao maior n\u00famero de pessoas\u201d</span></em></p>\r\n<p style=\"text-align: center; \"><span class=\"discreet\">(Michel de Montaigne)</span></p>", "author_name": "", "version": "1.0", "author_url": "https://www.pocosdecaldas.mg.leg.br/author/pauloroberto", "provider_name": "C\u00e2mara Municipal", "type": "rich"}