{"provider_url": "https://www.pocosdecaldas.mg.leg.br", "version": "1.0", "author_url": "https://www.pocosdecaldas.mg.leg.br/author/imprensa", "title": " Lucas Arruda ressaltou que ser\u00e1 feito um relat\u00f3rio contendo as demandas apresentadas pelo p\u00fablico", "provider_name": "C\u00e2mara Municipal", "type": "link", "author_name": ""}