{"provider_url": "https://www.pocosdecaldas.mg.leg.br", "version": "1.0", "author_url": "https://www.pocosdecaldas.mg.leg.br/author/comunicacao", "title": "Presidente da Coopergore falou sobre in\u00edcio do trabalho em Po\u00e7os", "provider_name": "C\u00e2mara Municipal", "type": "link", "author_name": ""}