{"provider_url": "https://www.pocosdecaldas.mg.leg.br", "version": "1.0", "author_url": "https://www.pocosdecaldas.mg.leg.br/author/comunicacao", "title": "Ant\u00f4nio Carlos Batista, o Carl\u00e3o da Capoeira, foi empossado na \u00faltima ter\u00e7a-feira", "provider_name": "C\u00e2mara Municipal", "type": "link", "author_name": ""}